{"id":210,"date":"2016-11-03T08:12:43","date_gmt":"2016-11-03T08:12:43","guid":{"rendered":"https:\/\/audiosaludregional.cl\/?p=210"},"modified":"2023-06-09T21:22:54","modified_gmt":"2023-06-09T21:22:54","slug":"theres-always-a-good-reason-to-visit-the-dentist","status":"publish","type":"post","link":"https:\/\/audiosaludregional.cl\/index.php\/2016\/11\/03\/theres-always-a-good-reason-to-visit-the-dentist\/","title":{"rendered":"Lengua de se\u00f1as \u00bfTodos los sordos la utilizan?"},"content":{"rendered":"<p><div class=\"fusion-fullwidth fullwidth-box fusion-builder-row-1 fusion-flex-container nonhundred-percent-fullwidth non-hundred-percent-height-scrolling\" style=\"--awb-border-radius-top-left:0px;--awb-border-radius-top-right:0px;--awb-border-radius-bottom-right:0px;--awb-border-radius-bottom-left:0px;\" ><div class=\"fusion-builder-row fusion-row fusion-flex-align-items-stretch\" style=\"max-width:calc( 1100px + 0px );margin-left: calc(-0px \/ 2 );margin-right: calc(-0px \/ 2 );\"><div class=\"fusion-layout-column fusion_builder_column fusion-builder-column-0 fusion_builder_column_1_2 1_2 fusion-flex-column\" style=\"--awb-padding-top:11%;--awb-padding-right:12%;--awb-padding-bottom:14%;--awb-padding-left:12%;--awb-bg-color:var(--awb-color4);--awb-bg-color-hover:var(--awb-color4);--awb-bg-size:cover;--awb-width-large:50%;--awb-margin-top-large:0px;--awb-spacing-right-large:0px;--awb-margin-bottom-large:0px;--awb-spacing-left-large:0px;--awb-width-medium:100%;--awb-order-medium:1;--awb-spacing-right-medium:0px;--awb-spacing-left-medium:0px;--awb-width-small:100%;--awb-spacing-right-small:0px;--awb-spacing-left-small:0px;\"><div class=\"fusion-column-wrapper fusion-flex-justify-content-flex-start fusion-content-layout-column\"><div class=\"fusion-title title fusion-title-1 fusion-title-text fusion-title-size-one\" style=\"--awb-text-color:var(--awb-color1);--awb-font-size:50px;\"><div class=\"title-sep-container title-sep-container-left fusion-no-large-visibility fusion-no-medium-visibility fusion-no-small-visibility\"><div class=\"title-sep sep- sep-solid\" style=\"border-color:var(--awb-color3);\"><\/div><\/div><span class=\"awb-title-spacer fusion-no-large-visibility fusion-no-medium-visibility fusion-no-small-visibility\"><\/span><h1 class=\"title-heading-left\" style=\"margin:0;font-size:1em;line-height:1.2em;\">Lengua de se\u00f1as \u00bfTodos los sordos la utilizan?<\/h1><span class=\"awb-title-spacer\"><\/span><div class=\"title-sep-container title-sep-container-right\"><div class=\"title-sep sep- sep-solid\" style=\"border-color:var(--awb-color3);\"><\/div><\/div><\/div><ul style=\"--awb-size:16px;--awb-iconcolor:var(--awb-color1);--awb-line-height:27.2px;--awb-icon-width:27.2px;--awb-icon-height:27.2px;--awb-icon-margin:11.2px;--awb-content-margin:38.4px;\" class=\"fusion-checklist fusion-checklist-1 fusion-checklist-default type-icons\"><li class=\"fusion-li-item\" style=\"\"><span class=\"icon-wrapper circle-no\"><i class=\"fusion-li-icon dentist-folder\" aria-hidden=\"true\"><\/i><\/span><div class=\"fusion-li-item-content\">\n<p><span style=\"color: hsla(var(--awb-color1-h),var(--awb-color1-s),calc( var(--awb-color1-l) - 100% ),var(--awb-color1-a));\"><span style=\"color: var(--awb-color1);\">Lengua de se\u00f1as\u00a0 \u00a0\u2022 \u00a0 Mayo 19, 2023<\/span><br \/>\n<\/span><\/p>\n<\/div><\/li><\/ul><\/div><\/div><div class=\"fusion-layout-column fusion_builder_column fusion-builder-column-1 fusion_builder_column_1_2 1_2 fusion-flex-column\" style=\"--awb-padding-top-medium:20vh;--awb-padding-bottom-medium:20vh;--awb-bg-position:center center;--awb-bg-blend:overlay;--awb-bg-size:cover;--awb-width-large:50%;--awb-margin-top-large:0px;--awb-spacing-right-large:0px;--awb-margin-bottom-large:0px;--awb-spacing-left-large:0px;--awb-width-medium:100%;--awb-order-medium:0;--awb-spacing-right-medium:0px;--awb-spacing-left-medium:0px;--awb-width-small:100%;--awb-spacing-right-small:0px;--awb-spacing-left-small:0px;\"><div class=\"fusion-column-wrapper lazyload fusion-flex-justify-content-flex-start fusion-content-layout-column\" data-bg-url=\"https:\/\/audiosaludregional.cl\/wp-content\/uploads\/2023\/05\/Lenguaje-de-senas.jpg\" data-bg=\"https:\/\/audiosaludregional.cl\/wp-content\/uploads\/2023\/05\/Lenguaje-de-senas.jpg\"><div class=\"fusion-image-element \" style=\"--awb-caption-title-font-family:var(--h2_typography-font-family);--awb-caption-title-font-weight:var(--h2_typography-font-weight);--awb-caption-title-font-style:var(--h2_typography-font-style);--awb-caption-title-size:var(--h2_typography-font-size);--awb-caption-title-transform:var(--h2_typography-text-transform);--awb-caption-title-line-height:var(--h2_typography-line-height);--awb-caption-title-letter-spacing:var(--h2_typography-letter-spacing);\"><span class=\" fusion-imageframe imageframe-none imageframe-1 hover-type-none\" class=\"image-magnify\" class=\"image-scroll\"><img decoding=\"async\" width=\"600\" height=\"600\" title=\"lgsen\" src=\"https:\/\/audiosaludregional.cl\/wp-content\/uploads\/2016\/11\/lgsen.jpg\" data-orig-src=\"https:\/\/audiosaludregional.cl\/wp-content\/uploads\/2016\/11\/lgsen.jpg\" alt class=\"lazyload img-responsive wp-image-1343\" srcset=\"data:image\/svg+xml,%3Csvg%20xmlns%3D%27http%3A%2F%2Fwww.w3.org%2F2000%2Fsvg%27%20width%3D%27600%27%20height%3D%27600%27%20viewBox%3D%270%200%20600%20600%27%3E%3Crect%20width%3D%27600%27%20height%3D%27600%27%20fill-opacity%3D%220%22%2F%3E%3C%2Fsvg%3E\" data-srcset=\"https:\/\/audiosaludregional.cl\/wp-content\/uploads\/2016\/11\/lgsen-200x200.jpg 200w, https:\/\/audiosaludregional.cl\/wp-content\/uploads\/2016\/11\/lgsen-400x400.jpg 400w, https:\/\/audiosaludregional.cl\/wp-content\/uploads\/2016\/11\/lgsen.jpg 600w\" data-sizes=\"auto\" data-orig-sizes=\"(max-width: 1280px) 100vw, (max-width: 1024px) 100vw, 600px\" \/><\/span><\/div><\/div><\/div><\/div><\/div><div class=\"fusion-fullwidth fullwidth-box fusion-builder-row-2 fusion-flex-container nonhundred-percent-fullwidth non-hundred-percent-height-scrolling\" style=\"--awb-border-radius-top-left:0px;--awb-border-radius-top-right:0px;--awb-border-radius-bottom-right:0px;--awb-border-radius-bottom-left:0px;--awb-padding-top:50px;--awb-padding-bottom:60px;\" ><div class=\"fusion-builder-row fusion-row fusion-flex-align-items-flex-start fusion-flex-justify-content-center\" style=\"max-width:1144px;margin-left: calc(-4% \/ 2 );margin-right: calc(-4% \/ 2 );\"><div class=\"fusion-layout-column fusion_builder_column fusion-builder-column-2 fusion_builder_column_1_1 1_1 fusion-flex-column\" style=\"--awb-bg-blend:overlay;--awb-bg-size:cover;--awb-width-large:100%;--awb-margin-top-large:0px;--awb-spacing-right-large:1.92%;--awb-margin-bottom-large:20px;--awb-spacing-left-large:1.92%;--awb-width-medium:100%;--awb-spacing-right-medium:1.92%;--awb-spacing-left-medium:1.92%;--awb-width-small:100%;--awb-spacing-right-small:1.92%;--awb-spacing-left-small:1.92%;\"><div class=\"fusion-column-wrapper fusion-flex-justify-content-flex-start fusion-content-layout-column\"><div class=\"fusion-separator\" style=\"align-self: center;margin-left: auto;margin-right: auto;margin-bottom:35px;width:100%;max-width:100px;\"><div class=\"fusion-separator-border sep-single sep-solid\" style=\"--awb-height:20px;--awb-amount:20px;--awb-sep-color:var(--awb-color5);border-color:var(--awb-color5);border-top-width:2px;\"><\/div><\/div><div class=\"fusion-separator fusion-full-width-sep\" style=\"align-self: center;margin-left: auto;margin-right: auto;margin-top:10px;width:100%;\"><\/div><div class=\"fusion-text fusion-text-1\"><p>A nivel mundial aproximadamente 430 millones de personas padece una p\u00e9rdida de audici\u00f3n discapacitante y requiere rehabilitaci\u00f3n; de estas, se estima que 70 millones de personas utilizan como primer idioma o lengua materna la lengua de se\u00f1as.<\/p>\n<p><strong>No todas las lenguas de se\u00f1as son iguales<\/strong><\/p>\n<p>Las lenguas de se\u00f1as son diferentes entre s\u00ed, tanto en el l\u00e9xico (conjunto de se\u00f1as o signos gestuales) como en la gram\u00e1tica.<\/p>\n<p>Una misma lengua eventualmente puede evolucionar en lugares diferentes hacia variedades diferentes.<\/p>\n<p>En el caso de los pa\u00edses de habla hispana, donde se usa el alfabeto latino, las personas sordas utilizan un mismo alfabeto manual, com\u00fan para todos los pa\u00edses, con algunas variaciones en la forma de algunas letras. Pero en el caso de pa\u00edses de habla inglesa, como Reino Unido y Estados Unidos, existen notables diferencias.<\/p>\n<p>Por ejemplo, los brit\u00e1nicos utilizan el alfabeto bimanual; esto es, usan las dos manos para comunicarse. Los estadounidenses, por su parte, utilizan una sola.<\/p>\n<p>Existe un Sistema de Se\u00f1as Internacional (SSI), que se puede considerar como un sistema de comunicaci\u00f3n formado por se\u00f1as propias, consensuadas, procedentes de las diferentes lenguas. Se hace uso de ella en eventos internacionales.<\/p>\n<p>Si quieres aprender existen diferentes instituciones que imparten cursos. Adem\u00e1s, te dejamos el nombre de una aplicaci\u00f3n que puedes descargar para comenzar a aprender la lengua de se\u00f1as.<\/p>\n<\/div><div class=\"fusion-separator fusion-full-width-sep\" style=\"align-self: center;margin-left: auto;margin-right: auto;margin-top:30px;width:100%;\"><\/div><div class=\"fusion-image-element \" style=\"--awb-caption-title-font-family:var(--h2_typography-font-family);--awb-caption-title-font-weight:var(--h2_typography-font-weight);--awb-caption-title-font-style:var(--h2_typography-font-style);--awb-caption-title-size:var(--h2_typography-font-size);--awb-caption-title-transform:var(--h2_typography-text-transform);--awb-caption-title-line-height:var(--h2_typography-line-height);--awb-caption-title-letter-spacing:var(--h2_typography-letter-spacing);\"><span class=\" fusion-imageframe imageframe-none imageframe-2 hover-type-none fusion-animated\" data-animationType=\"fadeInDown\" data-animationDuration=\"0.3\" data-animationOffset=\"top-into-view\" class=\"image-magnify\" class=\"image-scroll\"><img decoding=\"async\" width=\"1300\" height=\"700\" title=\"Blog.lenguajesdese\u00f1as\" src=\"https:\/\/audiosaludregional.cl\/wp-content\/uploads\/2016\/11\/Blog.lenguajesdesenas.jpg\" data-orig-src=\"https:\/\/audiosaludregional.cl\/wp-content\/uploads\/2016\/11\/Blog.lenguajesdesenas.jpg\" alt class=\"lazyload img-responsive wp-image-1126\" srcset=\"data:image\/svg+xml,%3Csvg%20xmlns%3D%27http%3A%2F%2Fwww.w3.org%2F2000%2Fsvg%27%20width%3D%271300%27%20height%3D%27700%27%20viewBox%3D%270%200%201300%20700%27%3E%3Crect%20width%3D%271300%27%20height%3D%27700%27%20fill-opacity%3D%220%22%2F%3E%3C%2Fsvg%3E\" data-srcset=\"https:\/\/audiosaludregional.cl\/wp-content\/uploads\/2016\/11\/Blog.lenguajesdesenas-200x108.jpg 200w, https:\/\/audiosaludregional.cl\/wp-content\/uploads\/2016\/11\/Blog.lenguajesdesenas-400x215.jpg 400w, https:\/\/audiosaludregional.cl\/wp-content\/uploads\/2016\/11\/Blog.lenguajesdesenas-600x323.jpg 600w, https:\/\/audiosaludregional.cl\/wp-content\/uploads\/2016\/11\/Blog.lenguajesdesenas-800x431.jpg 800w, https:\/\/audiosaludregional.cl\/wp-content\/uploads\/2016\/11\/Blog.lenguajesdesenas-1200x646.jpg 1200w, https:\/\/audiosaludregional.cl\/wp-content\/uploads\/2016\/11\/Blog.lenguajesdesenas.jpg 1300w\" data-sizes=\"auto\" data-orig-sizes=\"(max-width: 1280px) 100vw, (max-width: 1024px) 100vw, 1200px\" \/><\/span><\/div><\/div><\/div><\/div><\/div><div class=\"fusion-bg-parallax\" data-bg-align=\"center center\" data-direction=\"right\" data-mute=\"false\" data-opacity=\"100\" data-velocity=\"-0.8\" data-mobile-enabled=\"false\" data-break_parents=\"0\" data-bg-image=\"https:\/\/audiosaludregional.cl\/wp-content\/uploads\/2023\/05\/jooo.jpg\" data-bg-repeat=\"false\" ><\/div><div class=\"fusion-fullwidth fullwidth-box fusion-builder-row-3 fusion-flex-container fusion-parallax-right nonhundred-percent-fullwidth non-hundred-percent-height-scrolling lazyload\" style=\"--awb-border-radius-top-left:0px;--awb-border-radius-top-right:0px;--awb-border-radius-bottom-right:0px;--awb-border-radius-bottom-left:0px;--awb-padding-top:80px;--awb-padding-bottom:100px;--awb-background-size:cover;\" data-bg=\"https:\/\/audiosaludregional.cl\/wp-content\/uploads\/2023\/05\/jooo.jpg\" ><div class=\"fusion-builder-row fusion-row fusion-flex-align-items-flex-start\" style=\"max-width:calc( 1100px + 0px );margin-left: calc(-0px \/ 2 );margin-right: calc(-0px \/ 2 );\"><div class=\"fusion-layout-column fusion_builder_column fusion-builder-column-3 fusion_builder_column_1_1 1_1 fusion-flex-column\" style=\"--awb-bg-blend:overlay;--awb-bg-size:cover;--awb-width-large:100%;--awb-margin-top-large:3%;--awb-spacing-right-large:0px;--awb-margin-bottom-large:3%;--awb-spacing-left-large:0px;--awb-width-medium:100%;--awb-spacing-right-medium:0px;--awb-spacing-left-medium:0px;--awb-width-small:100%;--awb-spacing-right-small:0px;--awb-spacing-left-small:0px;\"><div class=\"fusion-column-wrapper fusion-flex-justify-content-flex-start fusion-content-layout-column\"><div class=\"fusion-separator fusion-full-width-sep\" style=\"align-self: center;margin-left: auto;margin-right: auto;margin-top:15px;width:100%;\"><\/div><div style=\"text-align:center;\"><a class=\"fusion-button button-flat fusion-button-default-size button-custom fusion-button-default button-1 fusion-button-default-span fusion-button-default-type\" style=\"--button_accent_color:var(--awb-color1);--button_accent_hover_color:var(--awb-color5);--button_border_hover_color:var(--awb-color5);--button_gradient_top_color:var(--awb-color4);--button_gradient_bottom_color:var(--awb-color4);--button_gradient_top_color_hover:var(--awb-color1);--button_gradient_bottom_color_hover:var(--awb-color1);\" target=\"_self\" href=\"https:\/\/audiosaludregional.cl\/index.php\/agendar-cita\/\"><i class=\"dentist-plus button-icon-left\" aria-hidden=\"true\"><\/i><span class=\"fusion-button-text\">Agendar cita <\/span><\/a><\/div><\/div><\/div><\/div><\/div><\/p>\n","protected":false},"excerpt":{"rendered":"<p>Lorem ipsum dolor sit amet, consectetur adipiscing elit. Cras eget mollis leo. In ultricies sit amet justo ac tincidunt. Integer volutpat enim non velit pellentesque, a placerat dolor ullamcorper. Phasellus ac dolor velit. Nam molestie turpis sit amet diam lobortis sagittis. Etiam non orci quis dolor cons.<\/p>\n","protected":false},"author":1,"featured_media":1343,"comment_status":"open","ping_status":"open","sticky":false,"template":"","format":"standard","meta":{"om_disable_all_campaigns":false,"_monsterinsights_skip_tracking":false,"_monsterinsights_sitenote_active":false,"_monsterinsights_sitenote_note":"","_monsterinsights_sitenote_category":0,"_uf_show_specific_survey":0,"_uf_disable_surveys":false,"footnotes":""},"categories":[2],"tags":[],"class_list":["post-210","post","type-post","status-publish","format-standard","has-post-thumbnail","hentry","category-dental"],"yoast_head":"<!-- This site is optimized with the Yoast SEO plugin v25.6 - https:\/\/yoast.com\/wordpress\/plugins\/seo\/ -->\n<title>Lengua de se\u00f1as \u00bfTodos los sordos la utilizan? - Audio Salud Regional<\/title>\n<meta name=\"robots\" content=\"index, follow, max-snippet:-1, max-image-preview:large, max-video-preview:-1\" \/>\n<link rel=\"canonical\" href=\"https:\/\/audiosaludregional.cl\/index.php\/2016\/11\/03\/theres-always-a-good-reason-to-visit-the-dentist\/\" \/>\n<meta property=\"og:locale\" content=\"es_ES\" \/>\n<meta property=\"og:type\" content=\"article\" \/>\n<meta property=\"og:title\" content=\"Lengua de se\u00f1as \u00bfTodos los sordos la utilizan? - Audio Salud Regional\" \/>\n<meta property=\"og:description\" content=\"Lorem ipsum dolor sit amet, consectetur adipiscing elit. Cras eget mollis leo. In ultricies sit amet justo ac tincidunt. Integer volutpat enim non velit pellentesque, a placerat dolor ullamcorper. Phasellus ac dolor velit. Nam molestie turpis sit amet diam lobortis sagittis. Etiam non orci quis dolor cons.\" \/>\n<meta property=\"og:url\" content=\"https:\/\/audiosaludregional.cl\/index.php\/2016\/11\/03\/theres-always-a-good-reason-to-visit-the-dentist\/\" \/>\n<meta property=\"og:site_name\" content=\"Audio Salud Regional\" \/>\n<meta property=\"article:published_time\" content=\"2016-11-03T08:12:43+00:00\" \/>\n<meta property=\"article:modified_time\" content=\"2023-06-09T21:22:54+00:00\" \/>\n<meta property=\"og:image\" content=\"https:\/\/audiosaludregional.cl\/wp-content\/uploads\/2016\/11\/lgsen.jpg\" \/>\n\t<meta property=\"og:image:width\" content=\"600\" \/>\n\t<meta property=\"og:image:height\" content=\"600\" \/>\n\t<meta property=\"og:image:type\" content=\"image\/jpeg\" \/>\n<meta name=\"author\" content=\"admin\" \/>\n<meta name=\"twitter:card\" content=\"summary_large_image\" \/>\n<meta name=\"twitter:label1\" content=\"Escrito por\" \/>\n\t<meta name=\"twitter:data1\" content=\"admin\" \/>\n\t<meta name=\"twitter:label2\" content=\"Tiempo de lectura\" \/>\n\t<meta name=\"twitter:data2\" content=\"8 minutos\" \/>\n<script type=\"application\/ld+json\" class=\"yoast-schema-graph\">{\"@context\":\"https:\/\/schema.org\",\"@graph\":[{\"@type\":\"Article\",\"@id\":\"https:\/\/audiosaludregional.cl\/index.php\/2016\/11\/03\/theres-always-a-good-reason-to-visit-the-dentist\/#article\",\"isPartOf\":{\"@id\":\"https:\/\/audiosaludregional.cl\/index.php\/2016\/11\/03\/theres-always-a-good-reason-to-visit-the-dentist\/\"},\"author\":{\"name\":\"admin\",\"@id\":\"https:\/\/audiosaludregional.cl\/#\/schema\/person\/dc6100e1d4bdb681bb705bb5231e375d\"},\"headline\":\"Lengua de se\u00f1as \u00bfTodos los sordos la utilizan?\",\"datePublished\":\"2016-11-03T08:12:43+00:00\",\"dateModified\":\"2023-06-09T21:22:54+00:00\",\"mainEntityOfPage\":{\"@id\":\"https:\/\/audiosaludregional.cl\/index.php\/2016\/11\/03\/theres-always-a-good-reason-to-visit-the-dentist\/\"},\"wordCount\":1634,\"commentCount\":0,\"publisher\":{\"@id\":\"https:\/\/audiosaludregional.cl\/#organization\"},\"image\":{\"@id\":\"https:\/\/audiosaludregional.cl\/index.php\/2016\/11\/03\/theres-always-a-good-reason-to-visit-the-dentist\/#primaryimage\"},\"thumbnailUrl\":\"https:\/\/audiosaludregional.cl\/wp-content\/uploads\/2016\/11\/lgsen.jpg\",\"articleSection\":[\"Dental\"],\"inLanguage\":\"es\",\"potentialAction\":[{\"@type\":\"CommentAction\",\"name\":\"Comment\",\"target\":[\"https:\/\/audiosaludregional.cl\/index.php\/2016\/11\/03\/theres-always-a-good-reason-to-visit-the-dentist\/#respond\"]}]},{\"@type\":\"WebPage\",\"@id\":\"https:\/\/audiosaludregional.cl\/index.php\/2016\/11\/03\/theres-always-a-good-reason-to-visit-the-dentist\/\",\"url\":\"https:\/\/audiosaludregional.cl\/index.php\/2016\/11\/03\/theres-always-a-good-reason-to-visit-the-dentist\/\",\"name\":\"Lengua de se\u00f1as \u00bfTodos los sordos la utilizan? - Audio Salud Regional\",\"isPartOf\":{\"@id\":\"https:\/\/audiosaludregional.cl\/#website\"},\"primaryImageOfPage\":{\"@id\":\"https:\/\/audiosaludregional.cl\/index.php\/2016\/11\/03\/theres-always-a-good-reason-to-visit-the-dentist\/#primaryimage\"},\"image\":{\"@id\":\"https:\/\/audiosaludregional.cl\/index.php\/2016\/11\/03\/theres-always-a-good-reason-to-visit-the-dentist\/#primaryimage\"},\"thumbnailUrl\":\"https:\/\/audiosaludregional.cl\/wp-content\/uploads\/2016\/11\/lgsen.jpg\",\"datePublished\":\"2016-11-03T08:12:43+00:00\",\"dateModified\":\"2023-06-09T21:22:54+00:00\",\"breadcrumb\":{\"@id\":\"https:\/\/audiosaludregional.cl\/index.php\/2016\/11\/03\/theres-always-a-good-reason-to-visit-the-dentist\/#breadcrumb\"},\"inLanguage\":\"es\",\"potentialAction\":[{\"@type\":\"ReadAction\",\"target\":[\"https:\/\/audiosaludregional.cl\/index.php\/2016\/11\/03\/theres-always-a-good-reason-to-visit-the-dentist\/\"]}]},{\"@type\":\"ImageObject\",\"inLanguage\":\"es\",\"@id\":\"https:\/\/audiosaludregional.cl\/index.php\/2016\/11\/03\/theres-always-a-good-reason-to-visit-the-dentist\/#primaryimage\",\"url\":\"https:\/\/audiosaludregional.cl\/wp-content\/uploads\/2016\/11\/lgsen.jpg\",\"contentUrl\":\"https:\/\/audiosaludregional.cl\/wp-content\/uploads\/2016\/11\/lgsen.jpg\",\"width\":600,\"height\":600},{\"@type\":\"BreadcrumbList\",\"@id\":\"https:\/\/audiosaludregional.cl\/index.php\/2016\/11\/03\/theres-always-a-good-reason-to-visit-the-dentist\/#breadcrumb\",\"itemListElement\":[{\"@type\":\"ListItem\",\"position\":1,\"name\":\"Portada\",\"item\":\"https:\/\/audiosaludregional.cl\/\"},{\"@type\":\"ListItem\",\"position\":2,\"name\":\"Lengua de se\u00f1as \u00bfTodos los sordos la utilizan?\"}]},{\"@type\":\"WebSite\",\"@id\":\"https:\/\/audiosaludregional.cl\/#website\",\"url\":\"https:\/\/audiosaludregional.cl\/\",\"name\":\"Audio Salud Regional\",\"description\":\"Audiometria y Audifonos Concepcion\",\"publisher\":{\"@id\":\"https:\/\/audiosaludregional.cl\/#organization\"},\"potentialAction\":[{\"@type\":\"SearchAction\",\"target\":{\"@type\":\"EntryPoint\",\"urlTemplate\":\"https:\/\/audiosaludregional.cl\/?s={search_term_string}\"},\"query-input\":{\"@type\":\"PropertyValueSpecification\",\"valueRequired\":true,\"valueName\":\"search_term_string\"}}],\"inLanguage\":\"es\"},{\"@type\":\"Organization\",\"@id\":\"https:\/\/audiosaludregional.cl\/#organization\",\"name\":\"Audio Salud Regional\",\"url\":\"https:\/\/audiosaludregional.cl\/\",\"logo\":{\"@type\":\"ImageObject\",\"inLanguage\":\"es\",\"@id\":\"https:\/\/audiosaludregional.cl\/#\/schema\/logo\/image\/\",\"url\":\"https:\/\/audiosaludregional.cl\/wp-content\/uploads\/2023\/04\/cropped-logoweb.jpg\",\"contentUrl\":\"https:\/\/audiosaludregional.cl\/wp-content\/uploads\/2023\/04\/cropped-logoweb.jpg\",\"width\":512,\"height\":512,\"caption\":\"Audio Salud Regional\"},\"image\":{\"@id\":\"https:\/\/audiosaludregional.cl\/#\/schema\/logo\/image\/\"}},{\"@type\":\"Person\",\"@id\":\"https:\/\/audiosaludregional.cl\/#\/schema\/person\/dc6100e1d4bdb681bb705bb5231e375d\",\"name\":\"admin\",\"image\":{\"@type\":\"ImageObject\",\"inLanguage\":\"es\",\"@id\":\"https:\/\/audiosaludregional.cl\/#\/schema\/person\/image\/\",\"url\":\"https:\/\/secure.gravatar.com\/avatar\/6d4b3c683d05b28cad25f4c6f20615fa81f30b0f988fab0d612c2f5d5392b09a?s=96&d=mm&r=g\",\"contentUrl\":\"https:\/\/secure.gravatar.com\/avatar\/6d4b3c683d05b28cad25f4c6f20615fa81f30b0f988fab0d612c2f5d5392b09a?s=96&d=mm&r=g\",\"caption\":\"admin\"},\"sameAs\":[\"https:\/\/audiosaludregional.cl\"],\"url\":\"https:\/\/audiosaludregional.cl\/index.php\/author\/sebastian\/\"}]}<\/script>\n<!-- \/ Yoast SEO plugin. -->","yoast_head_json":{"title":"Lengua de se\u00f1as \u00bfTodos los sordos la utilizan? - Audio Salud Regional","robots":{"index":"index","follow":"follow","max-snippet":"max-snippet:-1","max-image-preview":"max-image-preview:large","max-video-preview":"max-video-preview:-1"},"canonical":"https:\/\/audiosaludregional.cl\/index.php\/2016\/11\/03\/theres-always-a-good-reason-to-visit-the-dentist\/","og_locale":"es_ES","og_type":"article","og_title":"Lengua de se\u00f1as \u00bfTodos los sordos la utilizan? - Audio Salud Regional","og_description":"Lorem ipsum dolor sit amet, consectetur adipiscing elit. Cras eget mollis leo. In ultricies sit amet justo ac tincidunt. Integer volutpat enim non velit pellentesque, a placerat dolor ullamcorper. Phasellus ac dolor velit. Nam molestie turpis sit amet diam lobortis sagittis. Etiam non orci quis dolor cons.","og_url":"https:\/\/audiosaludregional.cl\/index.php\/2016\/11\/03\/theres-always-a-good-reason-to-visit-the-dentist\/","og_site_name":"Audio Salud Regional","article_published_time":"2016-11-03T08:12:43+00:00","article_modified_time":"2023-06-09T21:22:54+00:00","og_image":[{"width":600,"height":600,"url":"https:\/\/audiosaludregional.cl\/wp-content\/uploads\/2016\/11\/lgsen.jpg","type":"image\/jpeg"}],"author":"admin","twitter_card":"summary_large_image","twitter_misc":{"Escrito por":"admin","Tiempo de lectura":"8 minutos"},"schema":{"@context":"https:\/\/schema.org","@graph":[{"@type":"Article","@id":"https:\/\/audiosaludregional.cl\/index.php\/2016\/11\/03\/theres-always-a-good-reason-to-visit-the-dentist\/#article","isPartOf":{"@id":"https:\/\/audiosaludregional.cl\/index.php\/2016\/11\/03\/theres-always-a-good-reason-to-visit-the-dentist\/"},"author":{"name":"admin","@id":"https:\/\/audiosaludregional.cl\/#\/schema\/person\/dc6100e1d4bdb681bb705bb5231e375d"},"headline":"Lengua de se\u00f1as \u00bfTodos los sordos la utilizan?","datePublished":"2016-11-03T08:12:43+00:00","dateModified":"2023-06-09T21:22:54+00:00","mainEntityOfPage":{"@id":"https:\/\/audiosaludregional.cl\/index.php\/2016\/11\/03\/theres-always-a-good-reason-to-visit-the-dentist\/"},"wordCount":1634,"commentCount":0,"publisher":{"@id":"https:\/\/audiosaludregional.cl\/#organization"},"image":{"@id":"https:\/\/audiosaludregional.cl\/index.php\/2016\/11\/03\/theres-always-a-good-reason-to-visit-the-dentist\/#primaryimage"},"thumbnailUrl":"https:\/\/audiosaludregional.cl\/wp-content\/uploads\/2016\/11\/lgsen.jpg","articleSection":["Dental"],"inLanguage":"es","potentialAction":[{"@type":"CommentAction","name":"Comment","target":["https:\/\/audiosaludregional.cl\/index.php\/2016\/11\/03\/theres-always-a-good-reason-to-visit-the-dentist\/#respond"]}]},{"@type":"WebPage","@id":"https:\/\/audiosaludregional.cl\/index.php\/2016\/11\/03\/theres-always-a-good-reason-to-visit-the-dentist\/","url":"https:\/\/audiosaludregional.cl\/index.php\/2016\/11\/03\/theres-always-a-good-reason-to-visit-the-dentist\/","name":"Lengua de se\u00f1as \u00bfTodos los sordos la utilizan? - Audio Salud Regional","isPartOf":{"@id":"https:\/\/audiosaludregional.cl\/#website"},"primaryImageOfPage":{"@id":"https:\/\/audiosaludregional.cl\/index.php\/2016\/11\/03\/theres-always-a-good-reason-to-visit-the-dentist\/#primaryimage"},"image":{"@id":"https:\/\/audiosaludregional.cl\/index.php\/2016\/11\/03\/theres-always-a-good-reason-to-visit-the-dentist\/#primaryimage"},"thumbnailUrl":"https:\/\/audiosaludregional.cl\/wp-content\/uploads\/2016\/11\/lgsen.jpg","datePublished":"2016-11-03T08:12:43+00:00","dateModified":"2023-06-09T21:22:54+00:00","breadcrumb":{"@id":"https:\/\/audiosaludregional.cl\/index.php\/2016\/11\/03\/theres-always-a-good-reason-to-visit-the-dentist\/#breadcrumb"},"inLanguage":"es","potentialAction":[{"@type":"ReadAction","target":["https:\/\/audiosaludregional.cl\/index.php\/2016\/11\/03\/theres-always-a-good-reason-to-visit-the-dentist\/"]}]},{"@type":"ImageObject","inLanguage":"es","@id":"https:\/\/audiosaludregional.cl\/index.php\/2016\/11\/03\/theres-always-a-good-reason-to-visit-the-dentist\/#primaryimage","url":"https:\/\/audiosaludregional.cl\/wp-content\/uploads\/2016\/11\/lgsen.jpg","contentUrl":"https:\/\/audiosaludregional.cl\/wp-content\/uploads\/2016\/11\/lgsen.jpg","width":600,"height":600},{"@type":"BreadcrumbList","@id":"https:\/\/audiosaludregional.cl\/index.php\/2016\/11\/03\/theres-always-a-good-reason-to-visit-the-dentist\/#breadcrumb","itemListElement":[{"@type":"ListItem","position":1,"name":"Portada","item":"https:\/\/audiosaludregional.cl\/"},{"@type":"ListItem","position":2,"name":"Lengua de se\u00f1as \u00bfTodos los sordos la utilizan?"}]},{"@type":"WebSite","@id":"https:\/\/audiosaludregional.cl\/#website","url":"https:\/\/audiosaludregional.cl\/","name":"Audio Salud Regional","description":"Audiometria y Audifonos Concepcion","publisher":{"@id":"https:\/\/audiosaludregional.cl\/#organization"},"potentialAction":[{"@type":"SearchAction","target":{"@type":"EntryPoint","urlTemplate":"https:\/\/audiosaludregional.cl\/?s={search_term_string}"},"query-input":{"@type":"PropertyValueSpecification","valueRequired":true,"valueName":"search_term_string"}}],"inLanguage":"es"},{"@type":"Organization","@id":"https:\/\/audiosaludregional.cl\/#organization","name":"Audio Salud Regional","url":"https:\/\/audiosaludregional.cl\/","logo":{"@type":"ImageObject","inLanguage":"es","@id":"https:\/\/audiosaludregional.cl\/#\/schema\/logo\/image\/","url":"https:\/\/audiosaludregional.cl\/wp-content\/uploads\/2023\/04\/cropped-logoweb.jpg","contentUrl":"https:\/\/audiosaludregional.cl\/wp-content\/uploads\/2023\/04\/cropped-logoweb.jpg","width":512,"height":512,"caption":"Audio Salud Regional"},"image":{"@id":"https:\/\/audiosaludregional.cl\/#\/schema\/logo\/image\/"}},{"@type":"Person","@id":"https:\/\/audiosaludregional.cl\/#\/schema\/person\/dc6100e1d4bdb681bb705bb5231e375d","name":"admin","image":{"@type":"ImageObject","inLanguage":"es","@id":"https:\/\/audiosaludregional.cl\/#\/schema\/person\/image\/","url":"https:\/\/secure.gravatar.com\/avatar\/6d4b3c683d05b28cad25f4c6f20615fa81f30b0f988fab0d612c2f5d5392b09a?s=96&d=mm&r=g","contentUrl":"https:\/\/secure.gravatar.com\/avatar\/6d4b3c683d05b28cad25f4c6f20615fa81f30b0f988fab0d612c2f5d5392b09a?s=96&d=mm&r=g","caption":"admin"},"sameAs":["https:\/\/audiosaludregional.cl"],"url":"https:\/\/audiosaludregional.cl\/index.php\/author\/sebastian\/"}]}},"_links":{"self":[{"href":"https:\/\/audiosaludregional.cl\/index.php\/wp-json\/wp\/v2\/posts\/210","targetHints":{"allow":["GET"]}}],"collection":[{"href":"https:\/\/audiosaludregional.cl\/index.php\/wp-json\/wp\/v2\/posts"}],"about":[{"href":"https:\/\/audiosaludregional.cl\/index.php\/wp-json\/wp\/v2\/types\/post"}],"author":[{"embeddable":true,"href":"https:\/\/audiosaludregional.cl\/index.php\/wp-json\/wp\/v2\/users\/1"}],"replies":[{"embeddable":true,"href":"https:\/\/audiosaludregional.cl\/index.php\/wp-json\/wp\/v2\/comments?post=210"}],"version-history":[{"count":16,"href":"https:\/\/audiosaludregional.cl\/index.php\/wp-json\/wp\/v2\/posts\/210\/revisions"}],"predecessor-version":[{"id":1341,"href":"https:\/\/audiosaludregional.cl\/index.php\/wp-json\/wp\/v2\/posts\/210\/revisions\/1341"}],"wp:featuredmedia":[{"embeddable":true,"href":"https:\/\/audiosaludregional.cl\/index.php\/wp-json\/wp\/v2\/media\/1343"}],"wp:attachment":[{"href":"https:\/\/audiosaludregional.cl\/index.php\/wp-json\/wp\/v2\/media?parent=210"}],"wp:term":[{"taxonomy":"category","embeddable":true,"href":"https:\/\/audiosaludregional.cl\/index.php\/wp-json\/wp\/v2\/categories?post=210"},{"taxonomy":"post_tag","embeddable":true,"href":"https:\/\/audiosaludregional.cl\/index.php\/wp-json\/wp\/v2\/tags?post=210"}],"curies":[{"name":"wp","href":"https:\/\/api.w.org\/{rel}","templated":true}]}}