{"id":206,"date":"2016-11-03T08:11:13","date_gmt":"2016-11-03T08:11:13","guid":{"rendered":"https:\/\/audiosaludregional.cl\/?p=206"},"modified":"2023-05-19T21:16:57","modified_gmt":"2023-05-19T21:16:57","slug":"advances-in-technology-are-rapidly-changing-the-face-of-dentistry","status":"publish","type":"post","link":"https:\/\/audiosaludregional.cl\/index.php\/2016\/11\/03\/advances-in-technology-are-rapidly-changing-the-face-of-dentistry\/","title":{"rendered":"Hipoacusia, incapacidad total o parcial para escuchar sonidos en uno o ambos o\u00eddos."},"content":{"rendered":"<p><div class=\"fusion-fullwidth fullwidth-box fusion-builder-row-1 fusion-flex-container nonhundred-percent-fullwidth non-hundred-percent-height-scrolling\" style=\"--awb-border-radius-top-left:0px;--awb-border-radius-top-right:0px;--awb-border-radius-bottom-right:0px;--awb-border-radius-bottom-left:0px;\" ><div class=\"fusion-builder-row fusion-row fusion-flex-align-items-stretch\" style=\"max-width:calc( 1100px + 0px );margin-left: calc(-0px \/ 2 );margin-right: calc(-0px \/ 2 );\"><div class=\"fusion-layout-column fusion_builder_column fusion-builder-column-0 fusion_builder_column_1_2 1_2 fusion-flex-column\" style=\"--awb-padding-top:11%;--awb-padding-right:12%;--awb-padding-bottom:14%;--awb-padding-left:12%;--awb-bg-color:var(--awb-color4);--awb-bg-color-hover:var(--awb-color4);--awb-bg-size:cover;--awb-width-large:50%;--awb-margin-top-large:0px;--awb-spacing-right-large:0px;--awb-margin-bottom-large:0px;--awb-spacing-left-large:0px;--awb-width-medium:100%;--awb-spacing-right-medium:0px;--awb-spacing-left-medium:0px;--awb-width-small:100%;--awb-spacing-right-small:0px;--awb-spacing-left-small:0px;\"><div class=\"fusion-column-wrapper fusion-flex-justify-content-flex-start fusion-content-layout-column\"><div class=\"fusion-title title fusion-title-1 fusion-title-text fusion-title-size-one\" style=\"--awb-text-color:var(--awb-color1);--awb-font-size:50px;\"><div class=\"title-sep-container title-sep-container-left fusion-no-large-visibility fusion-no-medium-visibility fusion-no-small-visibility\"><div class=\"title-sep sep- sep-solid\" style=\"border-color:var(--awb-color3);\"><\/div><\/div><span class=\"awb-title-spacer fusion-no-large-visibility fusion-no-medium-visibility fusion-no-small-visibility\"><\/span><h1 class=\"title-heading-left\" style=\"margin:0;font-size:1em;line-height:1.2em;\">Hipoacusia, incapacidad total o parcial para escuchar sonidos en uno o ambos o\u00eddos.<\/h1><span class=\"awb-title-spacer\"><\/span><div class=\"title-sep-container title-sep-container-right\"><div class=\"title-sep sep- sep-solid\" style=\"border-color:var(--awb-color3);\"><\/div><\/div><\/div><ul style=\"--awb-size:16px;--awb-iconcolor:var(--awb-color1);--awb-line-height:27.2px;--awb-icon-width:27.2px;--awb-icon-height:27.2px;--awb-icon-margin:11.2px;--awb-content-margin:38.4px;\" class=\"fusion-checklist fusion-checklist-1 fusion-checklist-default type-icons\"><li class=\"fusion-li-item\" style=\"\"><span class=\"icon-wrapper circle-no\"><i class=\"fusion-li-icon dentist-folder\" aria-hidden=\"true\"><\/i><\/span><div class=\"fusion-li-item-content\">\n<p><span style=\"color: hsla(var(--awb-color1-h),var(--awb-color1-s),calc( var(--awb-color1-l) - 100% ),var(--awb-color1-a));\"><span style=\"color: var(--awb-color1);\">Hipoacusia&nbsp; &nbsp;\u2022&nbsp; &nbsp;Mayo 19, 2023<\/span><br \/><\/span><\/p>\n<\/div><\/li><\/ul><\/div><\/div><div class=\"fusion-layout-column fusion_builder_column fusion-builder-column-1 fusion_builder_column_1_2 1_2 fusion-flex-column\" style=\"--awb-bg-position:center center;--awb-bg-size:cover;--awb-width-large:50%;--awb-margin-top-large:0px;--awb-spacing-right-large:0px;--awb-margin-bottom-large:0px;--awb-spacing-left-large:0px;--awb-width-medium:100%;--awb-spacing-right-medium:0px;--awb-spacing-left-medium:0px;--awb-width-small:100%;--awb-spacing-right-small:0px;--awb-spacing-left-small:0px;\"><div class=\"fusion-column-wrapper lazyload fusion-flex-justify-content-flex-start fusion-content-layout-column fusion-empty-column-bg-image\" data-bg-url=\"https:\/\/audiosaludregional.cl\/wp-content\/uploads\/2016\/11\/hipoacusia.jpg\" data-bg=\"https:\/\/audiosaludregional.cl\/wp-content\/uploads\/2016\/11\/hipoacusia.jpg\"><img decoding=\"async\" class=\"fusion-empty-dims-img-placeholder fusion-no-large-visibility\" src=\"data:image\/svg+xml,%3Csvg%20xmlns%3D%27http%3A%2F%2Fwww.w3.org%2F2000%2Fsvg%27%20width%3D%271000%27%20height%3D%271000%27%20viewBox%3D%270%200%201000%201000%27%3E%3Crect%20width%3D%271000%27%20height%3D%271000%27%20fill-opacity%3D%220%22%2F%3E%3C%2Fsvg%3E\"><\/div><\/div><\/div><\/div><div class=\"fusion-fullwidth fullwidth-box fusion-builder-row-2 fusion-flex-container nonhundred-percent-fullwidth non-hundred-percent-height-scrolling\" style=\"--awb-border-radius-top-left:0px;--awb-border-radius-top-right:0px;--awb-border-radius-bottom-right:0px;--awb-border-radius-bottom-left:0px;--awb-padding-top:50px;--awb-padding-bottom:60px;\" ><div class=\"fusion-builder-row fusion-row fusion-flex-align-items-flex-start fusion-flex-justify-content-center\" style=\"max-width:1144px;margin-left: calc(-4% \/ 2 );margin-right: calc(-4% \/ 2 );\"><div class=\"fusion-layout-column fusion_builder_column fusion-builder-column-2 fusion_builder_column_1_1 1_1 fusion-flex-column\" style=\"--awb-bg-size:cover;--awb-width-large:100%;--awb-margin-top-large:0px;--awb-spacing-right-large:1.92%;--awb-margin-bottom-large:20px;--awb-spacing-left-large:1.92%;--awb-width-medium:100%;--awb-spacing-right-medium:1.92%;--awb-spacing-left-medium:1.92%;--awb-width-small:100%;--awb-spacing-right-small:1.92%;--awb-spacing-left-small:1.92%;\"><div class=\"fusion-column-wrapper fusion-flex-justify-content-flex-start fusion-content-layout-column\"><div class=\"fusion-separator\" style=\"align-self: center;margin-left: auto;margin-right: auto;margin-bottom:35px;width:100%;max-width:100px;\"><div class=\"fusion-separator-border sep-single sep-solid\" style=\"--awb-height:20px;--awb-amount:20px;--awb-sep-color:var(--awb-color5);border-color:var(--awb-color5);border-top-width:2px;\"><\/div><\/div><div class=\"fusion-separator fusion-full-width-sep\" style=\"align-self: center;margin-left: auto;margin-right: auto;margin-top:10px;width:100%;\"><\/div><div class=\"fusion-text fusion-text-1\"><p>La hipoacusia o p\u00e9rdida auditiva, en t\u00e9rminos simples podr\u00edamos definirla como la incapacidad total o parcial para escuchar sonidos en uno o ambos o\u00eddos. Necesitando por lo tanto que el sonido tenga m\u00e1s volumen para poder escucharlo.<\/p>\n<p>La Organizaci\u00f3n Mundial de la Salud, OMS, estima que de aqu\u00ed al 2050 m\u00e1s de 900 millones de personas en el mundo, padecer\u00e1 p\u00e9rdida de audici\u00f3n. Actualmente, sobre el 5% de la poblaci\u00f3n (466 millones de personas) padece p\u00e9rdida de audici\u00f3n discapacitante (432 millones de adultos y 34 millones de ni\u00f1os). La prevalencia de hipoacusia en Chile seg\u00fan la Encuesta Nacional de Salud (ENS) 2009-2010 es de 32,7%.<\/p>\n<p>En Chile, esta patolog\u00eda aumenta en adultos mayores (65 a\u00f1os o m\u00e1s), a 52,4% seg\u00fan la ENS del 2009-2010, siendo mayor la proporci\u00f3n de hombres (58,5%) en comparaci\u00f3n a las mujeres del mismo grupo etario (48%).<\/p>\n<p>Seg\u00fan una investigaci\u00f3n realizada por la&nbsp;<strong>Universidad de la Columbia Brit\u00e1nica<\/strong>,&nbsp;<strong>UCB Okanagan<\/strong>, en Canad\u00e1, hay una relaci\u00f3n directa entre la p\u00e9rdida auditiva y el riesgo de aislamiento social en personas de entre 60 y 69 a\u00f1os.<\/p>\n<p>Los resultados obtenidos son poco auspiciosos, pues indican que por<strong>&nbsp;cada 10 decibelios (dB) de p\u00e9rdida auditiva, el riesgo de aislamiento social aumenta en un 52%<\/strong>.<\/p>\n<p>La falta de percepci\u00f3n de est\u00edmulos auditivos de baja intensidad, adem\u00e1s en muchos casos, del tard\u00edo o nulo diagn\u00f3stico de las hipoacusias, determinan una vinculaci\u00f3n con el deterioro cognitivo de las personas que la padecen que equivale a casi cuatro a\u00f1os m\u00e1s de edad cronol\u00f3gica.<\/p>\n<p>Es muy importante considerar que la tendencia al aislamiento social que implica la p\u00e9rdida de audici\u00f3n no s\u00f3lo afecta al que la padece de forma directa.<\/p>\n<p>Una investigaci\u00f3n realizada por el&nbsp;<strong>Centro de Investigaci\u00f3n Biom\u00e9dica de la Universidad de Nottingham<\/strong>&nbsp;alerta tambi\u00e9n de que&nbsp;<strong>influye en las relaciones sociales de parejas y familiares<\/strong>. Entre los problemas que se relatan, est\u00e1n algunos tan cotidianos como escuchar la televisi\u00f3n a un volumen tan alto que molesta y averg\u00fcenza a todo su entorno.<\/p>\n<p>La falta de discriminaci\u00f3n o entendimiento de las conversaciones hace que la convivencia cotidiana se vea entorpecida, especialmente por la necesidad de que los mensajes sean repetidos m\u00e1s de una vez y a un volumen mayor, lo cual provoca a la larga un agotamiento y desagrado tanto para la persona que sufre la dificultad auditiva como para las personas con las cuales se relaciona.<\/p>\n<p>Esta situaci\u00f3n al repetirse de manera constante, determina que las personas con hipoacusia, eviten situaciones auditivamente complejas, por ejemplo, conversaciones entre muchas personas o en un ambiente ruidoso. Finalmente, este aislamiento social, familiar y en muchos casos laboral redunda en una baja autoestima, frustraci\u00f3n y dificultades en el relacionamiento. La soluci\u00f3n m\u00e1s f\u00e1cil es alejarse poco a poco de todo lo que implique escuchar de manera adecuada.<\/p>\n<p>La soluci\u00f3n no es tan compleja, pero requiere de una implementaci\u00f3n de aud\u00edfonos profesional y experta, que permita asegurar que los resultados sean los esperados.<\/p>\n<p>Esto claramente requiere de una evaluaci\u00f3n profesional de cada caso, pues la correcta elecci\u00f3n de un aud\u00edfono, as\u00ed como su calibraci\u00f3n, determina la calidad de sonido y su desempe\u00f1o para cada ambiente, sea la exacta para permitir que vuelva a disfrutar de las cosas y personas que m\u00e1s se aman.<\/p>\n<\/div><div class=\"fusion-separator fusion-full-width-sep\" style=\"align-self: center;margin-left: auto;margin-right: auto;margin-top:30px;width:100%;\"><\/div><\/div><\/div><div class=\"fusion-layout-column fusion_builder_column fusion-builder-column-3 fusion_builder_column_1_1 1_1 fusion-flex-column\" style=\"--awb-padding-top:30px;--awb-padding-bottom:20px;--awb-bg-size:cover;--awb-width-large:100%;--awb-margin-top-large:0px;--awb-spacing-right-large:1.92%;--awb-margin-bottom-large:20px;--awb-spacing-left-large:1.92%;--awb-width-medium:100%;--awb-spacing-right-medium:1.92%;--awb-spacing-left-medium:1.92%;--awb-width-small:100%;--awb-spacing-right-small:1.92%;--awb-spacing-left-small:1.92%;\"><div class=\"fusion-column-wrapper fusion-flex-justify-content-flex-start fusion-content-layout-column\"><div class=\"fusion-image-element \" style=\"text-align:center;--awb-caption-title-font-family:var(--h2_typography-font-family);--awb-caption-title-font-weight:var(--h2_typography-font-weight);--awb-caption-title-font-style:var(--h2_typography-font-style);--awb-caption-title-size:var(--h2_typography-font-size);--awb-caption-title-transform:var(--h2_typography-text-transform);--awb-caption-title-line-height:var(--h2_typography-line-height);--awb-caption-title-letter-spacing:var(--h2_typography-letter-spacing);\"><span class=\" fusion-imageframe imageframe-none imageframe-1 hover-type-zoomin\" class=\"image-scroll\"><a href=\"https:\/\/audiosaludregional.cl\/wp-content\/uploads\/2023\/05\/hipoacusia-mujer.jpg\" class=\"fusion-lightbox\" data-rel=\"iLightbox[post]\" data-title=\"hipoacusia mujer\" title=\"hipoacusia mujer\"><img decoding=\"async\" width=\"1110\" height=\"630\" src=\"https:\/\/audiosaludregional.cl\/wp-content\/uploads\/2023\/05\/hipoacusia-mujer.jpg\" data-orig-src=\"https:\/\/audiosaludregional.cl\/wp-content\/uploads\/2023\/05\/hipoacusia-mujer.jpg\" alt class=\"lazyload img-responsive wp-image-1132\" srcset=\"data:image\/svg+xml,%3Csvg%20xmlns%3D%27http%3A%2F%2Fwww.w3.org%2F2000%2Fsvg%27%20width%3D%271110%27%20height%3D%27630%27%20viewBox%3D%270%200%201110%20630%27%3E%3Crect%20width%3D%271110%27%20height%3D%27630%27%20fill-opacity%3D%220%22%2F%3E%3C%2Fsvg%3E\" data-srcset=\"https:\/\/audiosaludregional.cl\/wp-content\/uploads\/2023\/05\/hipoacusia-mujer-200x114.jpg 200w, https:\/\/audiosaludregional.cl\/wp-content\/uploads\/2023\/05\/hipoacusia-mujer-400x227.jpg 400w, https:\/\/audiosaludregional.cl\/wp-content\/uploads\/2023\/05\/hipoacusia-mujer-600x341.jpg 600w, https:\/\/audiosaludregional.cl\/wp-content\/uploads\/2023\/05\/hipoacusia-mujer-800x454.jpg 800w, https:\/\/audiosaludregional.cl\/wp-content\/uploads\/2023\/05\/hipoacusia-mujer.jpg 1110w\" data-sizes=\"auto\" data-orig-sizes=\"(max-width: 1280px) 100vw, (max-width: 1024px) 100vw, 1110px\" \/><\/a><\/span><\/div><\/div><\/div><\/div><\/div><div class=\"fusion-bg-parallax\" data-bg-align=\"center center\" data-direction=\"right\" data-mute=\"false\" data-opacity=\"100\" data-velocity=\"-0.8\" data-mobile-enabled=\"false\" data-break_parents=\"0\" data-bg-image=\"https:\/\/audiosaludregional.cl\/wp-content\/uploads\/2023\/05\/jooo.jpg\" data-bg-repeat=\"false\" ><\/div><div class=\"fusion-fullwidth fullwidth-box fusion-builder-row-3 fusion-flex-container fusion-parallax-right nonhundred-percent-fullwidth non-hundred-percent-height-scrolling lazyload\" style=\"--awb-border-radius-top-left:0px;--awb-border-radius-top-right:0px;--awb-border-radius-bottom-right:0px;--awb-border-radius-bottom-left:0px;--awb-padding-top:80px;--awb-padding-bottom:100px;--awb-background-size:cover;\" data-bg=\"https:\/\/audiosaludregional.cl\/wp-content\/uploads\/2023\/05\/jooo.jpg\" ><div class=\"fusion-builder-row fusion-row fusion-flex-align-items-flex-start\" style=\"max-width:calc( 1100px + 0px );margin-left: calc(-0px \/ 2 );margin-right: calc(-0px \/ 2 );\"><div class=\"fusion-layout-column fusion_builder_column fusion-builder-column-4 fusion_builder_column_1_1 1_1 fusion-flex-column\" style=\"--awb-bg-size:cover;--awb-width-large:100%;--awb-margin-top-large:3%;--awb-spacing-right-large:0px;--awb-margin-bottom-large:3%;--awb-spacing-left-large:0px;--awb-width-medium:100%;--awb-spacing-right-medium:0px;--awb-spacing-left-medium:0px;--awb-width-small:100%;--awb-spacing-right-small:0px;--awb-spacing-left-small:0px;\"><div class=\"fusion-column-wrapper fusion-flex-justify-content-flex-start fusion-content-layout-column\"><div class=\"fusion-separator fusion-full-width-sep\" style=\"align-self: center;margin-left: auto;margin-right: auto;margin-top:15px;width:100%;\"><\/div><div style=\"text-align:center;\"><a class=\"fusion-button button-flat fusion-button-default-size button-custom fusion-button-default button-1 fusion-button-default-span fusion-button-default-type\" style=\"--button_accent_color:var(--awb-color1);--button_accent_hover_color:var(--awb-color5);--button_border_hover_color:var(--awb-color5);--button_gradient_top_color:var(--awb-color4);--button_gradient_bottom_color:var(--awb-color4);--button_gradient_top_color_hover:var(--awb-color1);--button_gradient_bottom_color_hover:var(--awb-color1);\" target=\"_self\" href=\"https:\/\/audiosaludregional.cl\/index.php\/agendar-cita\/\"><i class=\"dentist-plus button-icon-left\" aria-hidden=\"true\"><\/i><span class=\"fusion-button-text\">Agendar cita <\/span><\/a><\/div><\/div><\/div><\/div><\/div><\/p>\n","protected":false},"excerpt":{"rendered":"<p>Lorem ipsum dolor sit amet, consectetur adipiscing elit. Cras eget mollis leo. In ultricies sit amet justo ac tincidunt. Integer volutpat enim non velit pellentesque, a placerat dolor ullamcorper. Phasellus ac dolor velit. Nam molestie turpis sit amet diam lobortis sagittis. Etiam non orci quis dolor cons.<\/p>\n","protected":false},"author":1,"featured_media":1129,"comment_status":"open","ping_status":"open","sticky":false,"template":"","format":"standard","meta":{"om_disable_all_campaigns":false,"_monsterinsights_skip_tracking":false,"_monsterinsights_sitenote_active":false,"_monsterinsights_sitenote_note":"","_monsterinsights_sitenote_category":0,"_uf_show_specific_survey":0,"_uf_disable_surveys":false,"footnotes":""},"categories":[2],"tags":[],"class_list":["post-206","post","type-post","status-publish","format-standard","has-post-thumbnail","hentry","category-dental"],"yoast_head":"<!-- This site is optimized with the Yoast SEO plugin v25.6 - https:\/\/yoast.com\/wordpress\/plugins\/seo\/ -->\n<title>Hipoacusia, incapacidad total o parcial para escuchar sonidos en uno o ambos o\u00eddos. - Audio Salud Regional<\/title>\n<meta name=\"robots\" content=\"index, follow, max-snippet:-1, max-image-preview:large, max-video-preview:-1\" \/>\n<link rel=\"canonical\" href=\"https:\/\/audiosaludregional.cl\/index.php\/2016\/11\/03\/advances-in-technology-are-rapidly-changing-the-face-of-dentistry\/\" \/>\n<meta property=\"og:locale\" content=\"es_ES\" \/>\n<meta property=\"og:type\" content=\"article\" \/>\n<meta property=\"og:title\" content=\"Hipoacusia, incapacidad total o parcial para escuchar sonidos en uno o ambos o\u00eddos. - Audio Salud Regional\" \/>\n<meta property=\"og:description\" content=\"Lorem ipsum dolor sit amet, consectetur adipiscing elit. Cras eget mollis leo. In ultricies sit amet justo ac tincidunt. Integer volutpat enim non velit pellentesque, a placerat dolor ullamcorper. Phasellus ac dolor velit. Nam molestie turpis sit amet diam lobortis sagittis. Etiam non orci quis dolor cons.\" \/>\n<meta property=\"og:url\" content=\"https:\/\/audiosaludregional.cl\/index.php\/2016\/11\/03\/advances-in-technology-are-rapidly-changing-the-face-of-dentistry\/\" \/>\n<meta property=\"og:site_name\" content=\"Audio Salud Regional\" \/>\n<meta property=\"article:published_time\" content=\"2016-11-03T08:11:13+00:00\" \/>\n<meta property=\"article:modified_time\" content=\"2023-05-19T21:16:57+00:00\" \/>\n<meta property=\"og:image\" content=\"https:\/\/audiosaludregional.cl\/wp-content\/uploads\/2016\/11\/hipoacusia.jpg\" \/>\n\t<meta property=\"og:image:width\" content=\"1000\" \/>\n\t<meta property=\"og:image:height\" content=\"1000\" \/>\n\t<meta property=\"og:image:type\" content=\"image\/jpeg\" \/>\n<meta name=\"author\" content=\"admin\" \/>\n<meta name=\"twitter:card\" content=\"summary_large_image\" \/>\n<meta name=\"twitter:label1\" content=\"Escrito por\" \/>\n\t<meta name=\"twitter:data1\" content=\"admin\" \/>\n\t<meta name=\"twitter:label2\" content=\"Tiempo de lectura\" \/>\n\t<meta name=\"twitter:data2\" content=\"7 minutos\" \/>\n<script type=\"application\/ld+json\" class=\"yoast-schema-graph\">{\"@context\":\"https:\/\/schema.org\",\"@graph\":[{\"@type\":\"Article\",\"@id\":\"https:\/\/audiosaludregional.cl\/index.php\/2016\/11\/03\/advances-in-technology-are-rapidly-changing-the-face-of-dentistry\/#article\",\"isPartOf\":{\"@id\":\"https:\/\/audiosaludregional.cl\/index.php\/2016\/11\/03\/advances-in-technology-are-rapidly-changing-the-face-of-dentistry\/\"},\"author\":{\"name\":\"admin\",\"@id\":\"https:\/\/audiosaludregional.cl\/#\/schema\/person\/dc6100e1d4bdb681bb705bb5231e375d\"},\"headline\":\"Hipoacusia, incapacidad total o parcial para escuchar sonidos en uno o ambos o\u00eddos.\",\"datePublished\":\"2016-11-03T08:11:13+00:00\",\"dateModified\":\"2023-05-19T21:16:57+00:00\",\"mainEntityOfPage\":{\"@id\":\"https:\/\/audiosaludregional.cl\/index.php\/2016\/11\/03\/advances-in-technology-are-rapidly-changing-the-face-of-dentistry\/\"},\"wordCount\":1513,\"commentCount\":0,\"publisher\":{\"@id\":\"https:\/\/audiosaludregional.cl\/#organization\"},\"image\":{\"@id\":\"https:\/\/audiosaludregional.cl\/index.php\/2016\/11\/03\/advances-in-technology-are-rapidly-changing-the-face-of-dentistry\/#primaryimage\"},\"thumbnailUrl\":\"https:\/\/audiosaludregional.cl\/wp-content\/uploads\/2016\/11\/hipoacusia.jpg\",\"articleSection\":[\"Dental\"],\"inLanguage\":\"es\",\"potentialAction\":[{\"@type\":\"CommentAction\",\"name\":\"Comment\",\"target\":[\"https:\/\/audiosaludregional.cl\/index.php\/2016\/11\/03\/advances-in-technology-are-rapidly-changing-the-face-of-dentistry\/#respond\"]}]},{\"@type\":\"WebPage\",\"@id\":\"https:\/\/audiosaludregional.cl\/index.php\/2016\/11\/03\/advances-in-technology-are-rapidly-changing-the-face-of-dentistry\/\",\"url\":\"https:\/\/audiosaludregional.cl\/index.php\/2016\/11\/03\/advances-in-technology-are-rapidly-changing-the-face-of-dentistry\/\",\"name\":\"Hipoacusia, incapacidad total o parcial para escuchar sonidos en uno o ambos o\u00eddos. - Audio Salud Regional\",\"isPartOf\":{\"@id\":\"https:\/\/audiosaludregional.cl\/#website\"},\"primaryImageOfPage\":{\"@id\":\"https:\/\/audiosaludregional.cl\/index.php\/2016\/11\/03\/advances-in-technology-are-rapidly-changing-the-face-of-dentistry\/#primaryimage\"},\"image\":{\"@id\":\"https:\/\/audiosaludregional.cl\/index.php\/2016\/11\/03\/advances-in-technology-are-rapidly-changing-the-face-of-dentistry\/#primaryimage\"},\"thumbnailUrl\":\"https:\/\/audiosaludregional.cl\/wp-content\/uploads\/2016\/11\/hipoacusia.jpg\",\"datePublished\":\"2016-11-03T08:11:13+00:00\",\"dateModified\":\"2023-05-19T21:16:57+00:00\",\"breadcrumb\":{\"@id\":\"https:\/\/audiosaludregional.cl\/index.php\/2016\/11\/03\/advances-in-technology-are-rapidly-changing-the-face-of-dentistry\/#breadcrumb\"},\"inLanguage\":\"es\",\"potentialAction\":[{\"@type\":\"ReadAction\",\"target\":[\"https:\/\/audiosaludregional.cl\/index.php\/2016\/11\/03\/advances-in-technology-are-rapidly-changing-the-face-of-dentistry\/\"]}]},{\"@type\":\"ImageObject\",\"inLanguage\":\"es\",\"@id\":\"https:\/\/audiosaludregional.cl\/index.php\/2016\/11\/03\/advances-in-technology-are-rapidly-changing-the-face-of-dentistry\/#primaryimage\",\"url\":\"https:\/\/audiosaludregional.cl\/wp-content\/uploads\/2016\/11\/hipoacusia.jpg\",\"contentUrl\":\"https:\/\/audiosaludregional.cl\/wp-content\/uploads\/2016\/11\/hipoacusia.jpg\",\"width\":1000,\"height\":1000},{\"@type\":\"BreadcrumbList\",\"@id\":\"https:\/\/audiosaludregional.cl\/index.php\/2016\/11\/03\/advances-in-technology-are-rapidly-changing-the-face-of-dentistry\/#breadcrumb\",\"itemListElement\":[{\"@type\":\"ListItem\",\"position\":1,\"name\":\"Portada\",\"item\":\"https:\/\/audiosaludregional.cl\/\"},{\"@type\":\"ListItem\",\"position\":2,\"name\":\"Hipoacusia, incapacidad total o parcial para escuchar sonidos en uno o ambos o\u00eddos.\"}]},{\"@type\":\"WebSite\",\"@id\":\"https:\/\/audiosaludregional.cl\/#website\",\"url\":\"https:\/\/audiosaludregional.cl\/\",\"name\":\"Audio Salud Regional\",\"description\":\"Audiometria y Audifonos Concepcion\",\"publisher\":{\"@id\":\"https:\/\/audiosaludregional.cl\/#organization\"},\"potentialAction\":[{\"@type\":\"SearchAction\",\"target\":{\"@type\":\"EntryPoint\",\"urlTemplate\":\"https:\/\/audiosaludregional.cl\/?s={search_term_string}\"},\"query-input\":{\"@type\":\"PropertyValueSpecification\",\"valueRequired\":true,\"valueName\":\"search_term_string\"}}],\"inLanguage\":\"es\"},{\"@type\":\"Organization\",\"@id\":\"https:\/\/audiosaludregional.cl\/#organization\",\"name\":\"Audio Salud Regional\",\"url\":\"https:\/\/audiosaludregional.cl\/\",\"logo\":{\"@type\":\"ImageObject\",\"inLanguage\":\"es\",\"@id\":\"https:\/\/audiosaludregional.cl\/#\/schema\/logo\/image\/\",\"url\":\"https:\/\/audiosaludregional.cl\/wp-content\/uploads\/2023\/04\/cropped-logoweb.jpg\",\"contentUrl\":\"https:\/\/audiosaludregional.cl\/wp-content\/uploads\/2023\/04\/cropped-logoweb.jpg\",\"width\":512,\"height\":512,\"caption\":\"Audio Salud Regional\"},\"image\":{\"@id\":\"https:\/\/audiosaludregional.cl\/#\/schema\/logo\/image\/\"}},{\"@type\":\"Person\",\"@id\":\"https:\/\/audiosaludregional.cl\/#\/schema\/person\/dc6100e1d4bdb681bb705bb5231e375d\",\"name\":\"admin\",\"image\":{\"@type\":\"ImageObject\",\"inLanguage\":\"es\",\"@id\":\"https:\/\/audiosaludregional.cl\/#\/schema\/person\/image\/\",\"url\":\"https:\/\/secure.gravatar.com\/avatar\/6d4b3c683d05b28cad25f4c6f20615fa81f30b0f988fab0d612c2f5d5392b09a?s=96&d=mm&r=g\",\"contentUrl\":\"https:\/\/secure.gravatar.com\/avatar\/6d4b3c683d05b28cad25f4c6f20615fa81f30b0f988fab0d612c2f5d5392b09a?s=96&d=mm&r=g\",\"caption\":\"admin\"},\"sameAs\":[\"https:\/\/audiosaludregional.cl\"],\"url\":\"https:\/\/audiosaludregional.cl\/index.php\/author\/sebastian\/\"}]}<\/script>\n<!-- \/ Yoast SEO plugin. -->","yoast_head_json":{"title":"Hipoacusia, incapacidad total o parcial para escuchar sonidos en uno o ambos o\u00eddos. - Audio Salud Regional","robots":{"index":"index","follow":"follow","max-snippet":"max-snippet:-1","max-image-preview":"max-image-preview:large","max-video-preview":"max-video-preview:-1"},"canonical":"https:\/\/audiosaludregional.cl\/index.php\/2016\/11\/03\/advances-in-technology-are-rapidly-changing-the-face-of-dentistry\/","og_locale":"es_ES","og_type":"article","og_title":"Hipoacusia, incapacidad total o parcial para escuchar sonidos en uno o ambos o\u00eddos. - Audio Salud Regional","og_description":"Lorem ipsum dolor sit amet, consectetur adipiscing elit. Cras eget mollis leo. In ultricies sit amet justo ac tincidunt. Integer volutpat enim non velit pellentesque, a placerat dolor ullamcorper. Phasellus ac dolor velit. Nam molestie turpis sit amet diam lobortis sagittis. Etiam non orci quis dolor cons.","og_url":"https:\/\/audiosaludregional.cl\/index.php\/2016\/11\/03\/advances-in-technology-are-rapidly-changing-the-face-of-dentistry\/","og_site_name":"Audio Salud Regional","article_published_time":"2016-11-03T08:11:13+00:00","article_modified_time":"2023-05-19T21:16:57+00:00","og_image":[{"width":1000,"height":1000,"url":"https:\/\/audiosaludregional.cl\/wp-content\/uploads\/2016\/11\/hipoacusia.jpg","type":"image\/jpeg"}],"author":"admin","twitter_card":"summary_large_image","twitter_misc":{"Escrito por":"admin","Tiempo de lectura":"7 minutos"},"schema":{"@context":"https:\/\/schema.org","@graph":[{"@type":"Article","@id":"https:\/\/audiosaludregional.cl\/index.php\/2016\/11\/03\/advances-in-technology-are-rapidly-changing-the-face-of-dentistry\/#article","isPartOf":{"@id":"https:\/\/audiosaludregional.cl\/index.php\/2016\/11\/03\/advances-in-technology-are-rapidly-changing-the-face-of-dentistry\/"},"author":{"name":"admin","@id":"https:\/\/audiosaludregional.cl\/#\/schema\/person\/dc6100e1d4bdb681bb705bb5231e375d"},"headline":"Hipoacusia, incapacidad total o parcial para escuchar sonidos en uno o ambos o\u00eddos.","datePublished":"2016-11-03T08:11:13+00:00","dateModified":"2023-05-19T21:16:57+00:00","mainEntityOfPage":{"@id":"https:\/\/audiosaludregional.cl\/index.php\/2016\/11\/03\/advances-in-technology-are-rapidly-changing-the-face-of-dentistry\/"},"wordCount":1513,"commentCount":0,"publisher":{"@id":"https:\/\/audiosaludregional.cl\/#organization"},"image":{"@id":"https:\/\/audiosaludregional.cl\/index.php\/2016\/11\/03\/advances-in-technology-are-rapidly-changing-the-face-of-dentistry\/#primaryimage"},"thumbnailUrl":"https:\/\/audiosaludregional.cl\/wp-content\/uploads\/2016\/11\/hipoacusia.jpg","articleSection":["Dental"],"inLanguage":"es","potentialAction":[{"@type":"CommentAction","name":"Comment","target":["https:\/\/audiosaludregional.cl\/index.php\/2016\/11\/03\/advances-in-technology-are-rapidly-changing-the-face-of-dentistry\/#respond"]}]},{"@type":"WebPage","@id":"https:\/\/audiosaludregional.cl\/index.php\/2016\/11\/03\/advances-in-technology-are-rapidly-changing-the-face-of-dentistry\/","url":"https:\/\/audiosaludregional.cl\/index.php\/2016\/11\/03\/advances-in-technology-are-rapidly-changing-the-face-of-dentistry\/","name":"Hipoacusia, incapacidad total o parcial para escuchar sonidos en uno o ambos o\u00eddos. - Audio Salud Regional","isPartOf":{"@id":"https:\/\/audiosaludregional.cl\/#website"},"primaryImageOfPage":{"@id":"https:\/\/audiosaludregional.cl\/index.php\/2016\/11\/03\/advances-in-technology-are-rapidly-changing-the-face-of-dentistry\/#primaryimage"},"image":{"@id":"https:\/\/audiosaludregional.cl\/index.php\/2016\/11\/03\/advances-in-technology-are-rapidly-changing-the-face-of-dentistry\/#primaryimage"},"thumbnailUrl":"https:\/\/audiosaludregional.cl\/wp-content\/uploads\/2016\/11\/hipoacusia.jpg","datePublished":"2016-11-03T08:11:13+00:00","dateModified":"2023-05-19T21:16:57+00:00","breadcrumb":{"@id":"https:\/\/audiosaludregional.cl\/index.php\/2016\/11\/03\/advances-in-technology-are-rapidly-changing-the-face-of-dentistry\/#breadcrumb"},"inLanguage":"es","potentialAction":[{"@type":"ReadAction","target":["https:\/\/audiosaludregional.cl\/index.php\/2016\/11\/03\/advances-in-technology-are-rapidly-changing-the-face-of-dentistry\/"]}]},{"@type":"ImageObject","inLanguage":"es","@id":"https:\/\/audiosaludregional.cl\/index.php\/2016\/11\/03\/advances-in-technology-are-rapidly-changing-the-face-of-dentistry\/#primaryimage","url":"https:\/\/audiosaludregional.cl\/wp-content\/uploads\/2016\/11\/hipoacusia.jpg","contentUrl":"https:\/\/audiosaludregional.cl\/wp-content\/uploads\/2016\/11\/hipoacusia.jpg","width":1000,"height":1000},{"@type":"BreadcrumbList","@id":"https:\/\/audiosaludregional.cl\/index.php\/2016\/11\/03\/advances-in-technology-are-rapidly-changing-the-face-of-dentistry\/#breadcrumb","itemListElement":[{"@type":"ListItem","position":1,"name":"Portada","item":"https:\/\/audiosaludregional.cl\/"},{"@type":"ListItem","position":2,"name":"Hipoacusia, incapacidad total o parcial para escuchar sonidos en uno o ambos o\u00eddos."}]},{"@type":"WebSite","@id":"https:\/\/audiosaludregional.cl\/#website","url":"https:\/\/audiosaludregional.cl\/","name":"Audio Salud Regional","description":"Audiometria y Audifonos Concepcion","publisher":{"@id":"https:\/\/audiosaludregional.cl\/#organization"},"potentialAction":[{"@type":"SearchAction","target":{"@type":"EntryPoint","urlTemplate":"https:\/\/audiosaludregional.cl\/?s={search_term_string}"},"query-input":{"@type":"PropertyValueSpecification","valueRequired":true,"valueName":"search_term_string"}}],"inLanguage":"es"},{"@type":"Organization","@id":"https:\/\/audiosaludregional.cl\/#organization","name":"Audio Salud Regional","url":"https:\/\/audiosaludregional.cl\/","logo":{"@type":"ImageObject","inLanguage":"es","@id":"https:\/\/audiosaludregional.cl\/#\/schema\/logo\/image\/","url":"https:\/\/audiosaludregional.cl\/wp-content\/uploads\/2023\/04\/cropped-logoweb.jpg","contentUrl":"https:\/\/audiosaludregional.cl\/wp-content\/uploads\/2023\/04\/cropped-logoweb.jpg","width":512,"height":512,"caption":"Audio Salud Regional"},"image":{"@id":"https:\/\/audiosaludregional.cl\/#\/schema\/logo\/image\/"}},{"@type":"Person","@id":"https:\/\/audiosaludregional.cl\/#\/schema\/person\/dc6100e1d4bdb681bb705bb5231e375d","name":"admin","image":{"@type":"ImageObject","inLanguage":"es","@id":"https:\/\/audiosaludregional.cl\/#\/schema\/person\/image\/","url":"https:\/\/secure.gravatar.com\/avatar\/6d4b3c683d05b28cad25f4c6f20615fa81f30b0f988fab0d612c2f5d5392b09a?s=96&d=mm&r=g","contentUrl":"https:\/\/secure.gravatar.com\/avatar\/6d4b3c683d05b28cad25f4c6f20615fa81f30b0f988fab0d612c2f5d5392b09a?s=96&d=mm&r=g","caption":"admin"},"sameAs":["https:\/\/audiosaludregional.cl"],"url":"https:\/\/audiosaludregional.cl\/index.php\/author\/sebastian\/"}]}},"_links":{"self":[{"href":"https:\/\/audiosaludregional.cl\/index.php\/wp-json\/wp\/v2\/posts\/206","targetHints":{"allow":["GET"]}}],"collection":[{"href":"https:\/\/audiosaludregional.cl\/index.php\/wp-json\/wp\/v2\/posts"}],"about":[{"href":"https:\/\/audiosaludregional.cl\/index.php\/wp-json\/wp\/v2\/types\/post"}],"author":[{"embeddable":true,"href":"https:\/\/audiosaludregional.cl\/index.php\/wp-json\/wp\/v2\/users\/1"}],"replies":[{"embeddable":true,"href":"https:\/\/audiosaludregional.cl\/index.php\/wp-json\/wp\/v2\/comments?post=206"}],"version-history":[{"count":6,"href":"https:\/\/audiosaludregional.cl\/index.php\/wp-json\/wp\/v2\/posts\/206\/revisions"}],"predecessor-version":[{"id":1134,"href":"https:\/\/audiosaludregional.cl\/index.php\/wp-json\/wp\/v2\/posts\/206\/revisions\/1134"}],"wp:featuredmedia":[{"embeddable":true,"href":"https:\/\/audiosaludregional.cl\/index.php\/wp-json\/wp\/v2\/media\/1129"}],"wp:attachment":[{"href":"https:\/\/audiosaludregional.cl\/index.php\/wp-json\/wp\/v2\/media?parent=206"}],"wp:term":[{"taxonomy":"category","embeddable":true,"href":"https:\/\/audiosaludregional.cl\/index.php\/wp-json\/wp\/v2\/categories?post=206"},{"taxonomy":"post_tag","embeddable":true,"href":"https:\/\/audiosaludregional.cl\/index.php\/wp-json\/wp\/v2\/tags?post=206"}],"curies":[{"name":"wp","href":"https:\/\/api.w.org\/{rel}","templated":true}]}}